{"id":10214,"date":"2024-08-06T16:03:10","date_gmt":"2024-08-06T16:03:10","guid":{"rendered":"https:\/\/www.muniolopa.gob.gt\/?p=10214"},"modified":"2024-09-04T19:52:27","modified_gmt":"2024-09-04T19:52:27","slug":"jornada-de-vacunacion-contra-el-sarampion-spr-y-poliomielitis-opv","status":"publish","type":"post","link":"https:\/\/www.muniolopa.gob.gt\/index.php\/2024\/08\/06\/jornada-de-vacunacion-contra-el-sarampion-spr-y-poliomielitis-opv\/","title":{"rendered":"Jornada de vacunaci\u00f3n contra el Sarampi\u00f3n (SPR) y Poliomielitis (OPV)"},"content":{"rendered":"<p style=\"text-align: justify;\">El se\u00f1or Alcalde Municipal, el se\u00f1or Vicealcalde y Colaboradoras Municipales tuvieron a bien ser participantes de la gran inauguraci\u00f3n de la Jornada de Vacunaci\u00f3n contra el Sarampi\u00f3n y Poliomielitis que arranco el d\u00eda de ayer 5 de agosto.<br \/>\nLes invitamos a los padres de familia que por favor puedan permitir la Vacunaci\u00f3n de sus hijos para evitar enfermedades en los ni\u00f1os.<\/p>\n<p style=\"text-align: center;\">Nuestro pueblo, nuestro futuro.<\/p>\n<div><\/div>\n","protected":false},"excerpt":{"rendered":"<p>El se\u00f1or Alcalde Municipal, el se\u00f1or Vicealcalde y Colaboradoras Municipales tuvieron a bien ser participantes de la gran inauguraci\u00f3n de la Jornada de Vacunaci\u00f3n contra el Sarampi\u00f3n y Poliomielitis que arranco el d\u00eda de ayer 5 de agosto. Les invitamos a los padres de familia que por favor puedan permitir la Vacunaci\u00f3n de sus hijos [&hellip;]<\/p>\n","protected":false},"author":3,"featured_media":10222,"comment_status":"closed","ping_status":"open","sticky":false,"template":"","format":"gallery","meta":{"footnotes":""},"categories":[86],"tags":[78],"class_list":["post-10214","post","type-post","status-publish","format-gallery","has-post-thumbnail","hentry","category-salud-y-calidad-de-vida","tag-portada","post_format-post-format-gallery"],"_links":{"self":[{"href":"https:\/\/www.muniolopa.gob.gt\/index.php\/wp-json\/wp\/v2\/posts\/10214","targetHints":{"allow":["GET"]}}],"collection":[{"href":"https:\/\/www.muniolopa.gob.gt\/index.php\/wp-json\/wp\/v2\/posts"}],"about":[{"href":"https:\/\/www.muniolopa.gob.gt\/index.php\/wp-json\/wp\/v2\/types\/post"}],"author":[{"embeddable":true,"href":"https:\/\/www.muniolopa.gob.gt\/index.php\/wp-json\/wp\/v2\/users\/3"}],"replies":[{"embeddable":true,"href":"https:\/\/www.muniolopa.gob.gt\/index.php\/wp-json\/wp\/v2\/comments?post=10214"}],"version-history":[{"count":4,"href":"https:\/\/www.muniolopa.gob.gt\/index.php\/wp-json\/wp\/v2\/posts\/10214\/revisions"}],"predecessor-version":[{"id":10378,"href":"https:\/\/www.muniolopa.gob.gt\/index.php\/wp-json\/wp\/v2\/posts\/10214\/revisions\/10378"}],"wp:featuredmedia":[{"embeddable":true,"href":"https:\/\/www.muniolopa.gob.gt\/index.php\/wp-json\/wp\/v2\/media\/10222"}],"wp:attachment":[{"href":"https:\/\/www.muniolopa.gob.gt\/index.php\/wp-json\/wp\/v2\/media?parent=10214"}],"wp:term":[{"taxonomy":"category","embeddable":true,"href":"https:\/\/www.muniolopa.gob.gt\/index.php\/wp-json\/wp\/v2\/categories?post=10214"},{"taxonomy":"post_tag","embeddable":true,"href":"https:\/\/www.muniolopa.gob.gt\/index.php\/wp-json\/wp\/v2\/tags?post=10214"}],"curies":[{"name":"wp","href":"https:\/\/api.w.org\/{rel}","templated":true}]}}