{"id":11196,"date":"2024-10-29T18:50:30","date_gmt":"2024-10-29T18:50:30","guid":{"rendered":"https:\/\/www.muniolopa.gob.gt\/?p=11196"},"modified":"2024-10-29T18:50:30","modified_gmt":"2024-10-29T18:50:30","slug":"feria-patronal-comunidad-el-amatillo","status":"publish","type":"post","link":"https:\/\/www.muniolopa.gob.gt\/index.php\/2024\/10\/29\/feria-patronal-comunidad-el-amatillo\/","title":{"rendered":"Feria Patronal Comunidad El Amatillo."},"content":{"rendered":"<p>Con la unidad, compa\u00f1erismo y alegr\u00eda que caracteriza a esta linda comunidad, el Se\u00f1or Alcalde hizo presencia para poder dar por inaugurada su feria, d\u00e1ndoles su apoyo como amigo y como autoridad de nuestro municipio.<\/p>\n<p>Los vecinos, agradecen su apoyo y el de la administraci\u00f3n en las distintas actividades programadas durante estos d\u00edas.<\/p>\n","protected":false},"excerpt":{"rendered":"<p>Con la unidad, compa\u00f1erismo y alegr\u00eda que caracteriza a esta linda comunidad, el Se\u00f1or Alcalde hizo presencia para poder dar por inaugurada su feria, d\u00e1ndoles su apoyo como amigo y como autoridad de nuestro municipio. Los vecinos, agradecen su apoyo y el de la administraci\u00f3n en las distintas actividades programadas durante estos d\u00edas.<\/p>\n","protected":false},"author":3,"featured_media":11200,"comment_status":"closed","ping_status":"open","sticky":false,"template":"","format":"gallery","meta":{"footnotes":""},"categories":[27],"tags":[],"class_list":["post-11196","post","type-post","status-publish","format-gallery","has-post-thumbnail","hentry","category-noticias","post_format-post-format-gallery"],"_links":{"self":[{"href":"https:\/\/www.muniolopa.gob.gt\/index.php\/wp-json\/wp\/v2\/posts\/11196","targetHints":{"allow":["GET"]}}],"collection":[{"href":"https:\/\/www.muniolopa.gob.gt\/index.php\/wp-json\/wp\/v2\/posts"}],"about":[{"href":"https:\/\/www.muniolopa.gob.gt\/index.php\/wp-json\/wp\/v2\/types\/post"}],"author":[{"embeddable":true,"href":"https:\/\/www.muniolopa.gob.gt\/index.php\/wp-json\/wp\/v2\/users\/3"}],"replies":[{"embeddable":true,"href":"https:\/\/www.muniolopa.gob.gt\/index.php\/wp-json\/wp\/v2\/comments?post=11196"}],"version-history":[{"count":1,"href":"https:\/\/www.muniolopa.gob.gt\/index.php\/wp-json\/wp\/v2\/posts\/11196\/revisions"}],"predecessor-version":[{"id":11209,"href":"https:\/\/www.muniolopa.gob.gt\/index.php\/wp-json\/wp\/v2\/posts\/11196\/revisions\/11209"}],"wp:featuredmedia":[{"embeddable":true,"href":"https:\/\/www.muniolopa.gob.gt\/index.php\/wp-json\/wp\/v2\/media\/11200"}],"wp:attachment":[{"href":"https:\/\/www.muniolopa.gob.gt\/index.php\/wp-json\/wp\/v2\/media?parent=11196"}],"wp:term":[{"taxonomy":"category","embeddable":true,"href":"https:\/\/www.muniolopa.gob.gt\/index.php\/wp-json\/wp\/v2\/categories?post=11196"},{"taxonomy":"post_tag","embeddable":true,"href":"https:\/\/www.muniolopa.gob.gt\/index.php\/wp-json\/wp\/v2\/tags?post=11196"}],"curies":[{"name":"wp","href":"https:\/\/api.w.org\/{rel}","templated":true}]}}