{"id":4160,"date":"2022-03-10T09:00:46","date_gmt":"2022-03-10T09:00:46","guid":{"rendered":"https:\/\/www.muniolopa.gob.gt\/?p=4160"},"modified":"2022-03-29T14:02:40","modified_gmt":"2022-03-29T14:02:40","slug":"conmemoracion-del-dia-internacional-de-la-mujer","status":"publish","type":"post","link":"https:\/\/www.muniolopa.gob.gt\/index.php\/2022\/03\/10\/conmemoracion-del-dia-internacional-de-la-mujer\/","title":{"rendered":"Conmemoraci\u00f3n del D\u00eda Internacional de la Mujer"},"content":{"rendered":"<p style=\"text-align: justify;\">En el Sal\u00f3n Municipal del municipio de Olopa, departamento de Chiquimula, el d\u00eda 9 de marzo de 2022, la Municipalidad de Olopa, con el apoyo de Visi\u00f3n Mundial y Tierra Viva, realizaron la CONMEMORACI\u00d3N DEL D\u00cdA INTERNACIONAL DE LA MUJER, en donde tambi\u00e9n hubo presencia de otras instituciones como la Secretar\u00eda contra la Violencia Sexual, Explotaci\u00f3n y Trata de Personas \u2013SVET-, Ministerio de Agricultura, Alimentaci\u00f3n y Ganader\u00eda \u2013MAGA-, Red Presi\u00f3n, Secretar\u00eda de Alimentaci\u00f3n Nutricional \u2013SESAN-, Ra\u00edces Comunitarias y Centro de Atenci\u00f3n Permanente \u2013CAP-, quienes son parte de la Red Institucional Municipal, para mencionada conmemoraci\u00f3n se desarroll\u00f3 en coordinaci\u00f3n con la Direcci\u00f3n de la Oficina Municipal de la Mujer, una agenda especial, donde el Se\u00f1or Alcalde Municipal, le dio la bienvenida a las mujeres de las diferentes comunidades del municipio, as\u00ed mismo se realiz\u00f3 la Rese\u00f1a Hist\u00f3rica del D\u00eda Internacional de la Mujer, se trataron temas de importancia tales como los Derechos de las Mujeres, Las Mujeres y la importancia de la igualdad, as\u00ed como tambi\u00e9n hubo testimonios de mujeres lideresas a quienes tambi\u00e9n se les reconoci\u00f3 su labor realizada en sus comunidades.<\/p>\n<div><\/div>\n","protected":false},"excerpt":{"rendered":"<p>En el Sal\u00f3n Municipal del municipio de Olopa, departamento de Chiquimula, el d\u00eda 9 de marzo de 2022, la Municipalidad de Olopa, con el apoyo de Visi\u00f3n Mundial y Tierra Viva, realizaron la CONMEMORACI\u00d3N DEL D\u00cdA INTERNACIONAL DE LA MUJER, en donde tambi\u00e9n hubo presencia de otras instituciones como la Secretar\u00eda contra la Violencia Sexual, [&hellip;]<\/p>\n","protected":false},"author":1,"featured_media":4161,"comment_status":"open","ping_status":"open","sticky":false,"template":"","format":"gallery","meta":{"footnotes":""},"categories":[27,24],"tags":[],"class_list":["post-4160","post","type-post","status-publish","format-gallery","has-post-thumbnail","hentry","category-noticias","category-social","post_format-post-format-gallery"],"_links":{"self":[{"href":"https:\/\/www.muniolopa.gob.gt\/index.php\/wp-json\/wp\/v2\/posts\/4160","targetHints":{"allow":["GET"]}}],"collection":[{"href":"https:\/\/www.muniolopa.gob.gt\/index.php\/wp-json\/wp\/v2\/posts"}],"about":[{"href":"https:\/\/www.muniolopa.gob.gt\/index.php\/wp-json\/wp\/v2\/types\/post"}],"author":[{"embeddable":true,"href":"https:\/\/www.muniolopa.gob.gt\/index.php\/wp-json\/wp\/v2\/users\/1"}],"replies":[{"embeddable":true,"href":"https:\/\/www.muniolopa.gob.gt\/index.php\/wp-json\/wp\/v2\/comments?post=4160"}],"version-history":[{"count":3,"href":"https:\/\/www.muniolopa.gob.gt\/index.php\/wp-json\/wp\/v2\/posts\/4160\/revisions"}],"predecessor-version":[{"id":4182,"href":"https:\/\/www.muniolopa.gob.gt\/index.php\/wp-json\/wp\/v2\/posts\/4160\/revisions\/4182"}],"wp:featuredmedia":[{"embeddable":true,"href":"https:\/\/www.muniolopa.gob.gt\/index.php\/wp-json\/wp\/v2\/media\/4161"}],"wp:attachment":[{"href":"https:\/\/www.muniolopa.gob.gt\/index.php\/wp-json\/wp\/v2\/media?parent=4160"}],"wp:term":[{"taxonomy":"category","embeddable":true,"href":"https:\/\/www.muniolopa.gob.gt\/index.php\/wp-json\/wp\/v2\/categories?post=4160"},{"taxonomy":"post_tag","embeddable":true,"href":"https:\/\/www.muniolopa.gob.gt\/index.php\/wp-json\/wp\/v2\/tags?post=4160"}],"curies":[{"name":"wp","href":"https:\/\/api.w.org\/{rel}","templated":true}]}}