{"id":4939,"date":"2022-07-04T13:00:35","date_gmt":"2022-07-04T13:00:35","guid":{"rendered":"https:\/\/www.muniolopa.gob.gt\/?p=4939"},"modified":"2022-07-11T18:51:30","modified_gmt":"2022-07-11T18:51:30","slug":"jornada-de-reforestacion-en-centro-educativo-urbano-de-olopa","status":"publish","type":"post","link":"https:\/\/www.muniolopa.gob.gt\/index.php\/2022\/07\/04\/jornada-de-reforestacion-en-centro-educativo-urbano-de-olopa\/","title":{"rendered":"Jornada de Reforestaci\u00f3n en Centro Educativo Urbano de Olopa"},"content":{"rendered":"<p style=\"text-align: justify;\">En La Escuela Oficial Urbana Mixta Regional Profesora Gloria Imelda Lemus y Lemus de Urrutia, del municipio de Olopa, departamento de Chiquimula, el d\u00eda jueves 7 de julio del a\u00f1o 2022, la Municipalidad de Olopa por medio de la Unidad de Gesti\u00f3n Ambiental -UGAM- formaron parte de la jornada de reforestaci\u00f3n en coordinaci\u00f3n con el claustro de docentes, estudiantes y padres de familia de mencionado Centro Educativo y el apoyo del personal de la Polic\u00eda Nacional Civil PNC Sub-Estaci\u00f3n Olopa, en la cual se brind\u00f3 una charla de sensibilizaci\u00f3n sobre la importancia de conservar y proteger los recursos naturales a trav\u00e9s de actividades de reforestaci\u00f3n. El objetivo fue la siembra de 200 \u00e1rboles (uno por estudiante) de la especie Cipres Cupressus lusitanica, para contribuir a conservaci\u00f3n de \u00e1reas desprovistas de cobertura forestal.<br \/>\nEs de inter\u00e9s para la municipalidad, recuperar las \u00e1reas que han perdido cobertura forestal en el municipio y que volvamos a reverdecer este territorio.<\/p>\n","protected":false},"excerpt":{"rendered":"<p>En La Escuela Oficial Urbana Mixta Regional Profesora Gloria Imelda Lemus y Lemus de Urrutia, del municipio de Olopa, departamento de Chiquimula, el d\u00eda jueves 7 de julio del a\u00f1o 2022, la Municipalidad de Olopa por medio de la Unidad de Gesti\u00f3n Ambiental -UGAM- formaron parte de la jornada de reforestaci\u00f3n en coordinaci\u00f3n con el [&hellip;]<\/p>\n","protected":false},"author":1,"featured_media":4940,"comment_status":"open","ping_status":"open","sticky":false,"template":"","format":"gallery","meta":{"footnotes":""},"categories":[82,27],"tags":[],"class_list":["post-4939","post","type-post","status-publish","format-gallery","has-post-thumbnail","hentry","category-medio-ambiente","category-noticias","post_format-post-format-gallery"],"_links":{"self":[{"href":"https:\/\/www.muniolopa.gob.gt\/index.php\/wp-json\/wp\/v2\/posts\/4939","targetHints":{"allow":["GET"]}}],"collection":[{"href":"https:\/\/www.muniolopa.gob.gt\/index.php\/wp-json\/wp\/v2\/posts"}],"about":[{"href":"https:\/\/www.muniolopa.gob.gt\/index.php\/wp-json\/wp\/v2\/types\/post"}],"author":[{"embeddable":true,"href":"https:\/\/www.muniolopa.gob.gt\/index.php\/wp-json\/wp\/v2\/users\/1"}],"replies":[{"embeddable":true,"href":"https:\/\/www.muniolopa.gob.gt\/index.php\/wp-json\/wp\/v2\/comments?post=4939"}],"version-history":[{"count":1,"href":"https:\/\/www.muniolopa.gob.gt\/index.php\/wp-json\/wp\/v2\/posts\/4939\/revisions"}],"predecessor-version":[{"id":4941,"href":"https:\/\/www.muniolopa.gob.gt\/index.php\/wp-json\/wp\/v2\/posts\/4939\/revisions\/4941"}],"wp:featuredmedia":[{"embeddable":true,"href":"https:\/\/www.muniolopa.gob.gt\/index.php\/wp-json\/wp\/v2\/media\/4940"}],"wp:attachment":[{"href":"https:\/\/www.muniolopa.gob.gt\/index.php\/wp-json\/wp\/v2\/media?parent=4939"}],"wp:term":[{"taxonomy":"category","embeddable":true,"href":"https:\/\/www.muniolopa.gob.gt\/index.php\/wp-json\/wp\/v2\/categories?post=4939"},{"taxonomy":"post_tag","embeddable":true,"href":"https:\/\/www.muniolopa.gob.gt\/index.php\/wp-json\/wp\/v2\/tags?post=4939"}],"curies":[{"name":"wp","href":"https:\/\/api.w.org\/{rel}","templated":true}]}}