{"id":4982,"date":"2022-07-05T16:00:27","date_gmt":"2022-07-05T16:00:27","guid":{"rendered":"https:\/\/www.muniolopa.gob.gt\/?p=4982"},"modified":"2022-07-12T16:45:38","modified_gmt":"2022-07-12T16:45:38","slug":"eleccion-general-de-la-nueva-junta-directiva-de-la-mancomunidad-trinacional-fronteriza-del-rio-lempa","status":"publish","type":"post","link":"https:\/\/www.muniolopa.gob.gt\/index.php\/2022\/07\/05\/eleccion-general-de-la-nueva-junta-directiva-de-la-mancomunidad-trinacional-fronteriza-del-rio-lempa\/","title":{"rendered":"Elecci\u00f3n de la Nueva Junta Directiva de la Mancomunidad Trinacional Fronteriza del R\u00edo Lempa"},"content":{"rendered":"<p style=\"text-align: justify;\">En el municipio de Sinuapa, del departamento de Ocotepeque, de la Rep\u00fablica de Honduras, en las instalaciones de la Mancomunidad Trinacional Fronteriza R\u00edo Lempa, el d\u00eda 5 de julio de 2022, se llev\u00f3 a cabo la Asamblea General de elecci\u00f3n de la nueva Junta Directiva para el per\u00edodo 2022-2024. La Asamblea cont\u00f3 con la participaci\u00f3n de un total de 84 asistentes, incluyendo 46 concejales y alcaldes de los 28 municipios transfronterizos de Guatemala, Honduras y El Salvador de la regi\u00f3n Trifinio, que integran la Mancomunidad. La Asamblea General eligi\u00f3 por unanimidad la siguiente Junta Directiva:<\/p>\n<p>Cargo\u00a0 \u00a0 \u00a0 \u00a0 \u00a0 \u00a0 \u00a0 \u00a0 \u00a0 \u00a0 \u00a0 \u00a0 \u00a0 \u00a0 \u00a0 \u00a0 \u00a0 \u00a0 \u00a0 \u00a0 \u00a0 \u00a0 \u00a0 \u00a0Nombre\u00a0 \u00a0 \u00a0 \u00a0 \u00a0 \u00a0 \u00a0 \u00a0 \u00a0 \u00a0 \u00a0 \u00a0 \u00a0 \u00a0 \u00a0 \u00a0 \u00a0 \u00a0 \u00a0 \u00a0 \u00a0Municipio\/ Departamento\u00a0 \u00a0 \u00a0 \u00a0 \u00a0 \u00a0 \u00a0 \u00a0 \u00a0 \u00a0 \u00a0 \u00a0Pa\u00eds<br \/>\nPresidente\u00a0 \u00a0 \u00a0 \u00a0 \u00a0 \u00a0 \u00a0 \u00a0 \u00a0 \u00a0 \u00a0 \u00a0 \u00a0Beeddy Alejandro Botto\u00a0 \u00a0 \u00a0 \u00a0 \u00a0 \u00a0 \u00a0 \u00a0 \u00a0Candelaria de la Frontera, Santa Ana\u00a0 \u00a0 \u00a0 \u00a0 El Salvador<br \/>\nPrimer vicepresidente\u00a0 \u00a0 Jos\u00e9 Jorge Lemus Espinoza\u00a0 \u00a0 \u00a0 \u00a0 \u00a0 \u00a0 \u00a0 \u00a0 \u00a0 \u00a0 Olopa, Chiquimula\u00a0 \u00a0 \u00a0 \u00a0 \u00a0 \u00a0 \u00a0 \u00a0 \u00a0 \u00a0 \u00a0 \u00a0 \u00a0 \u00a0 \u00a0 \u00a0Guatemala<br \/>\nSegundo vicepresidente Isrrael Orlando Aguilar\u00a0 \u00a0 \u00a0 \u00a0 \u00a0 \u00a0 \u00a0 \u00a0 \u00a0 \u00a0 \u00a0 Ocotepeque, Ocotepeque\u00a0 \u00a0 \u00a0 \u00a0 \u00a0 \u00a0 \u00a0 \u00a0 \u00a0 \u00a0 \u00a0 \u00a0 \u00a0 Honduras<br \/>\nSecretario\u00a0 \u00a0 \u00a0 \u00a0 \u00a0 \u00a0 \u00a0 \u00a0 \u00a0 \u00a0 \u00a0 \u00a0 \u00a0 Hugo Francis Clavel Dulce\u00a0 \u00a0 \u00a0 \u00a0 \u00a0 \u00a0 \u00a0Nombre de Mar\u00eda, Chalatenango\u00a0 \u00a0 \u00a0 \u00a0 \u00a0 \u00a0 \u00a0 \u00a0El Salvador<br \/>\nProsecretario\u00a0 \u00a0 \u00a0 \u00a0 \u00a0 \u00a0 \u00a0 \u00a0 \u00a0 \u00a0 Carlos Jos\u00e9 Lapola\u00a0 \u00a0 \u00a0 \u00a0 \u00a0 \u00a0 \u00a0 \u00a0 \u00a0 \u00a0 \u00a0 \u00a0 \u00a0 \u00a0 \u00a0 \u00a0 \u00a0Esquipulas, Chiquimula\u00a0 \u00a0 \u00a0 \u00a0 \u00a0 \u00a0 \u00a0 \u00a0 \u00a0 \u00a0 \u00a0 \u00a0 \u00a0Guatemala<br \/>\nTesorero\u00a0 \u00a0 \u00a0 \u00a0 \u00a0 \u00a0 \u00a0 \u00a0 \u00a0 \u00a0 \u00a0 \u00a0 \u00a0 \u00a0 Cesar Roldan Agust\u00edn\u00a0 \u00a0 \u00a0 \u00a0 \u00a0 \u00a0 \u00a0 \u00a0 \u00a0 \u00a0 \u00a0 \u00a0 \u00a0 \u00a0 \u00a0 \u00a0Sinuapa, Ocotepeque\u00a0 \u00a0 \u00a0 \u00a0 \u00a0 \u00a0 \u00a0 \u00a0 \u00a0 \u00a0 \u00a0 \u00a0 \u00a0 \u00a0Honduras<br \/>\nVocal 1\u00a0 \u00a0 \u00a0 \u00a0 \u00a0 \u00a0 \u00a0 \u00a0 \u00a0 \u00a0 \u00a0 \u00a0 \u00a0 \u00a0 \u00a0 \u00a0Luis Alberto Ochoa\u00a0 \u00a0 \u00a0 \u00a0 \u00a0 \u00a0 \u00a0 \u00a0 \u00a0 \u00a0 \u00a0 \u00a0 \u00a0 \u00a0 \u00a0 \u00a0 \u00a0 \u00a0 Cital\u00e1, Chalatenango\u00a0 \u00a0 \u00a0 \u00a0 \u00a0 \u00a0 \u00a0 \u00a0 \u00a0 \u00a0 \u00a0 \u00a0 \u00a0 \u00a0 El Salvador<br \/>\nVocal 2\u00a0 \u00a0 \u00a0 \u00a0 \u00a0 \u00a0 \u00a0 \u00a0 \u00a0 \u00a0 \u00a0 \u00a0 \u00a0 \u00a0 \u00a0 William Geovanny Duarte\u00a0 \u00a0 \u00a0 \u00a0 \u00a0 \u00a0 \u00a0 \u00a0 \u00a0Santa Catarina Mita, Jutiapa\u00a0 \u00a0 \u00a0 \u00a0 \u00a0 \u00a0 \u00a0 \u00a0 \u00a0 \u00a0 Guatemala<br \/>\nVocal 3\u00a0 \u00a0 \u00a0 \u00a0 \u00a0 \u00a0 \u00a0 \u00a0 \u00a0 \u00a0 \u00a0 \u00a0 \u00a0 \u00a0 \u00a0 Lenin Domingo Villeda\u00a0 \u00a0 \u00a0 \u00a0 \u00a0 \u00a0 \u00a0 \u00a0 \u00a0 \u00a0 \u00a0 \u00a0 \u00a0 \u00a0La Labor, Ocotepeque\u00a0 \u00a0 \u00a0 \u00a0 \u00a0 \u00a0 \u00a0 \u00a0 \u00a0 \u00a0 \u00a0 \u00a0 \u00a0 \u00a0 Honduras<\/p>\n<p style=\"text-align: justify;\">El nuevo vicepresidente electo se dirigi\u00f3 a los asamble\u00edstas comprometi\u00e9ndose a trabajar por el bienestar de la regi\u00f3n y en especial por el municipio de Olopa, gestionando, formulando y ejecutando proyectos para las familias vulnerables de la regi\u00f3n Ch\u00b4orti\u00b4, as\u00ed mismo impulsando la nueva Pol\u00edtica P\u00fablica Educativa que genere cambios en el \u00e1rea rural.<\/p>\n<div><\/div>\n","protected":false},"excerpt":{"rendered":"<p>En el municipio de Sinuapa, del departamento de Ocotepeque, de la Rep\u00fablica de Honduras, en las instalaciones de la Mancomunidad Trinacional Fronteriza R\u00edo Lempa, el d\u00eda 5 de julio de 2022, se llev\u00f3 a cabo la Asamblea General de elecci\u00f3n de la nueva Junta Directiva para el per\u00edodo 2022-2024. La Asamblea cont\u00f3 con la participaci\u00f3n [&hellip;]<\/p>\n","protected":false},"author":1,"featured_media":4983,"comment_status":"open","ping_status":"open","sticky":false,"template":"","format":"gallery","meta":{"footnotes":""},"categories":[27,89],"tags":[],"class_list":["post-4982","post","type-post","status-publish","format-gallery","has-post-thumbnail","hentry","category-noticias","category-participacion-ciudadana","post_format-post-format-gallery"],"_links":{"self":[{"href":"https:\/\/www.muniolopa.gob.gt\/index.php\/wp-json\/wp\/v2\/posts\/4982","targetHints":{"allow":["GET"]}}],"collection":[{"href":"https:\/\/www.muniolopa.gob.gt\/index.php\/wp-json\/wp\/v2\/posts"}],"about":[{"href":"https:\/\/www.muniolopa.gob.gt\/index.php\/wp-json\/wp\/v2\/types\/post"}],"author":[{"embeddable":true,"href":"https:\/\/www.muniolopa.gob.gt\/index.php\/wp-json\/wp\/v2\/users\/1"}],"replies":[{"embeddable":true,"href":"https:\/\/www.muniolopa.gob.gt\/index.php\/wp-json\/wp\/v2\/comments?post=4982"}],"version-history":[{"count":4,"href":"https:\/\/www.muniolopa.gob.gt\/index.php\/wp-json\/wp\/v2\/posts\/4982\/revisions"}],"predecessor-version":[{"id":4997,"href":"https:\/\/www.muniolopa.gob.gt\/index.php\/wp-json\/wp\/v2\/posts\/4982\/revisions\/4997"}],"wp:featuredmedia":[{"embeddable":true,"href":"https:\/\/www.muniolopa.gob.gt\/index.php\/wp-json\/wp\/v2\/media\/4983"}],"wp:attachment":[{"href":"https:\/\/www.muniolopa.gob.gt\/index.php\/wp-json\/wp\/v2\/media?parent=4982"}],"wp:term":[{"taxonomy":"category","embeddable":true,"href":"https:\/\/www.muniolopa.gob.gt\/index.php\/wp-json\/wp\/v2\/categories?post=4982"},{"taxonomy":"post_tag","embeddable":true,"href":"https:\/\/www.muniolopa.gob.gt\/index.php\/wp-json\/wp\/v2\/tags?post=4982"}],"curies":[{"name":"wp","href":"https:\/\/api.w.org\/{rel}","templated":true}]}}