{"id":7056,"date":"2023-03-24T11:50:34","date_gmt":"2023-03-24T11:50:34","guid":{"rendered":"https:\/\/www.muniolopa.gob.gt\/?p=7056"},"modified":"2023-03-24T18:05:31","modified_gmt":"2023-03-24T18:05:31","slug":"tercera-sesion-del-consejo-municipal-de-desarrollo-comude-2023","status":"publish","type":"post","link":"https:\/\/www.muniolopa.gob.gt\/index.php\/2023\/03\/24\/tercera-sesion-del-consejo-municipal-de-desarrollo-comude-2023\/","title":{"rendered":"Tercera Sesi\u00f3n del Consejo Municipal de Desarrollo \u2013COMUDE- 2023"},"content":{"rendered":"<p style=\"text-align: justify;\">En el Sal\u00f3n Municipal del municipio de Olopa, departamento de Chiquimula, el d\u00eda 24 de marzo de 2023, se realiz\u00f3 la Tercera Sesi\u00f3n del Consejo Municipal de Desarrollo \u2013COMUDE-, en donde participaron los presidentes de los Comit\u00e9s Comunitarios de Desarrollo \u2013COCODE- de las diferentes comunidades del municipio como tambi\u00e9n del \u00e1rea urbana. As\u00ed mismo se cont\u00f3 con la participaci\u00f3n de representantes acreditados de diferentes instituciones que tienen presencia en el municipio. Durante el desarrollo de la sesi\u00f3n se despleg\u00f3 una agenda que anteriormente fue aprobada por los presentes, en mencionada sesi\u00f3n se brind\u00f3 informaci\u00f3n variada por parte del coordinador del COMUDE y Alcalde Municipal como tambi\u00e9n dio a conocer la propuesta de inversi\u00f3n para el a\u00f1o fiscal 2024. El Licenciado Alex de Jes\u00fas Cl\u00edmaco e Iris Burgos brindaron a los presentes sobre la Cobertura de vacunaci\u00f3n en menores de cinco a\u00f1os e informaci\u00f3n del programa Nacional de Vectores. Varios representantes de instituciones como de algunos presidentes de los Consejos Municipales de Desarrollo, donde trataron varios puntos de beneficio para las comunidades.<\/p>\n<div><\/div>\n","protected":false},"excerpt":{"rendered":"<p>En el Sal\u00f3n Municipal del municipio de Olopa, departamento de Chiquimula, el d\u00eda 24 de marzo de 2023, se realiz\u00f3 la Tercera Sesi\u00f3n del Consejo Municipal de Desarrollo \u2013COMUDE-, en donde participaron los presidentes de los Comit\u00e9s Comunitarios de Desarrollo \u2013COCODE- de las diferentes comunidades del municipio como tambi\u00e9n del \u00e1rea urbana. As\u00ed mismo se [&hellip;]<\/p>\n","protected":false},"author":1,"featured_media":7057,"comment_status":"open","ping_status":"open","sticky":false,"template":"","format":"gallery","meta":{"footnotes":""},"categories":[27,89],"tags":[],"class_list":["post-7056","post","type-post","status-publish","format-gallery","has-post-thumbnail","hentry","category-noticias","category-participacion-ciudadana","post_format-post-format-gallery"],"_links":{"self":[{"href":"https:\/\/www.muniolopa.gob.gt\/index.php\/wp-json\/wp\/v2\/posts\/7056","targetHints":{"allow":["GET"]}}],"collection":[{"href":"https:\/\/www.muniolopa.gob.gt\/index.php\/wp-json\/wp\/v2\/posts"}],"about":[{"href":"https:\/\/www.muniolopa.gob.gt\/index.php\/wp-json\/wp\/v2\/types\/post"}],"author":[{"embeddable":true,"href":"https:\/\/www.muniolopa.gob.gt\/index.php\/wp-json\/wp\/v2\/users\/1"}],"replies":[{"embeddable":true,"href":"https:\/\/www.muniolopa.gob.gt\/index.php\/wp-json\/wp\/v2\/comments?post=7056"}],"version-history":[{"count":3,"href":"https:\/\/www.muniolopa.gob.gt\/index.php\/wp-json\/wp\/v2\/posts\/7056\/revisions"}],"predecessor-version":[{"id":7068,"href":"https:\/\/www.muniolopa.gob.gt\/index.php\/wp-json\/wp\/v2\/posts\/7056\/revisions\/7068"}],"wp:featuredmedia":[{"embeddable":true,"href":"https:\/\/www.muniolopa.gob.gt\/index.php\/wp-json\/wp\/v2\/media\/7057"}],"wp:attachment":[{"href":"https:\/\/www.muniolopa.gob.gt\/index.php\/wp-json\/wp\/v2\/media?parent=7056"}],"wp:term":[{"taxonomy":"category","embeddable":true,"href":"https:\/\/www.muniolopa.gob.gt\/index.php\/wp-json\/wp\/v2\/categories?post=7056"},{"taxonomy":"post_tag","embeddable":true,"href":"https:\/\/www.muniolopa.gob.gt\/index.php\/wp-json\/wp\/v2\/tags?post=7056"}],"curies":[{"name":"wp","href":"https:\/\/api.w.org\/{rel}","templated":true}]}}