{"id":7619,"date":"2023-06-02T14:20:28","date_gmt":"2023-06-02T14:20:28","guid":{"rendered":"https:\/\/www.muniolopa.gob.gt\/?p=7619"},"modified":"2023-06-02T20:41:08","modified_gmt":"2023-06-02T20:41:08","slug":"quinta-sesion-ordinaria-de-la-comision-municipal-de-seguridad-alimentaria-y-nutricional-y-red-de-proteccion-de-ninez-y-adolescencia-y-comision-municipal-de-prevencion-de-la-violencia","status":"publish","type":"post","link":"https:\/\/www.muniolopa.gob.gt\/index.php\/2023\/06\/02\/quinta-sesion-ordinaria-de-la-comision-municipal-de-seguridad-alimentaria-y-nutricional-y-red-de-proteccion-de-ninez-y-adolescencia-y-comision-municipal-de-prevencion-de-la-violencia\/","title":{"rendered":"Quinta Sesi\u00f3n Ordinaria de la Comisi\u00f3n Municipal de Seguridad Alimentaria y Nutricional y Red de Protecci\u00f3n de Ni\u00f1ez y Adolescencia y Comisi\u00f3n Municipal de Prevenci\u00f3n de la Violencia."},"content":{"rendered":"<p style=\"text-align: justify;\">En el Sal\u00f3n Municipal de Sesiones No. 2 de la municipalidad del municipio de Olopa, departamento de Chiquimula, el d\u00eda viernes 2 de junio de 2023, se realiz\u00f3 con la coordinaci\u00f3n de la Unidad de Seguridad Alimentaria y Nutricional \u2013UNSAN- y la Oficina de la Protecci\u00f3n de la Ni\u00f1ez y Adolescencia \u2013OPNA- de la Municipalidad de Olopa, se realiz\u00f3 la QUINTA SESI\u00d3N ORDINARIA DE LA COMISI\u00d3N MUNICIPAL DE SEGURIDAD ALIMENTARIA NUTRICIONAL Y RED DE PROTECCI\u00d3N DE NI\u00d1EZ Y ADOLESCENCIA \u2013COMUSAN-, en donde se desarroll\u00f3 una agenda especial con la participaci\u00f3n de instituciones que tienen presencia en el municipio, dando inicio con la bienvenida a cargo del se\u00f1or Alcalde Municipal, la Nutricionista del Centro de Atenci\u00f3n Permanente -CAP- se refiri\u00f3 sobre la Sala Situacional de Nutrici\u00f3n, el T\u00e9cnico en Salud Rural de Ministerio de Salud P\u00fablica y Asistencia Social -MSPAS- present\u00f3 el Informe del Agua, tambi\u00e9n las Gestoras del Seguimiento del Proyecto de la Uni\u00f3n Europea, expusieron sobre la R\u00e9plica de Metodolog\u00edas Participativas en el Marco de las Gu\u00edas Metodolog\u00edas, Traslado de Metodol\u00f3gico de Herramienta Digital y uso del Monitoreo Comunitario CAP en aplicaci\u00f3n M\u00f3vil. La monitora municipal de la Secretaria de Seguridad Alimentaria y Nutricional -SESAN- se refiri\u00f3 a los Factores de Riesgo de la Desnutrici\u00f3n Cr\u00f3nica, as\u00ed mismo el T\u00e9cnico de la Organizaci\u00f3n de las Naciones Unidas para la Alimentaci\u00f3n y la Ganader\u00eda -FAO- dio a conocer los avances del Programa Conjunto Corredor Seco, T\u00e9cnicos de C\u00e1ritas se refirieron a los avances del proyecto Pro ra\u00edces, Sindy Garc\u00eda del Ministerio de Salud P\u00fablica y Asistencia Social -MSPAS- expuso sobre la conformaci\u00f3n de Red de Maternidad y Paternidad Responsable. Anabela Morales, representante de HELVETAS realiz\u00f3 la socializaci\u00f3n de Spot radiales y priorizaci\u00f3n l\u00ednea de acci\u00f3n n\u00famero cinco COMUNICACI\u00d3N PARA EL CAMBIO SOCIAL Y DE COMPORTAMIENTO. Finalmente, llegaron a acuerdos para la pr\u00f3xima sesi\u00f3n en beneficio del municipio.<\/p>\n<div><\/div>\n","protected":false},"excerpt":{"rendered":"<p>En el Sal\u00f3n Municipal de Sesiones No. 2 de la municipalidad del municipio de Olopa, departamento de Chiquimula, el d\u00eda viernes 2 de junio de 2023, se realiz\u00f3 con la coordinaci\u00f3n de la Unidad de Seguridad Alimentaria y Nutricional \u2013UNSAN- y la Oficina de la Protecci\u00f3n de la Ni\u00f1ez y Adolescencia \u2013OPNA- de la Municipalidad [&hellip;]<\/p>\n","protected":false},"author":1,"featured_media":7620,"comment_status":"open","ping_status":"open","sticky":false,"template":"","format":"gallery","meta":{"footnotes":""},"categories":[23,89,86,87],"tags":[],"class_list":["post-7619","post","type-post","status-publish","format-gallery","has-post-thumbnail","hentry","category-inicio","category-participacion-ciudadana","category-salud-y-calidad-de-vida","category-seguridad-alimentaria-y-nutricional","post_format-post-format-gallery"],"_links":{"self":[{"href":"https:\/\/www.muniolopa.gob.gt\/index.php\/wp-json\/wp\/v2\/posts\/7619","targetHints":{"allow":["GET"]}}],"collection":[{"href":"https:\/\/www.muniolopa.gob.gt\/index.php\/wp-json\/wp\/v2\/posts"}],"about":[{"href":"https:\/\/www.muniolopa.gob.gt\/index.php\/wp-json\/wp\/v2\/types\/post"}],"author":[{"embeddable":true,"href":"https:\/\/www.muniolopa.gob.gt\/index.php\/wp-json\/wp\/v2\/users\/1"}],"replies":[{"embeddable":true,"href":"https:\/\/www.muniolopa.gob.gt\/index.php\/wp-json\/wp\/v2\/comments?post=7619"}],"version-history":[{"count":2,"href":"https:\/\/www.muniolopa.gob.gt\/index.php\/wp-json\/wp\/v2\/posts\/7619\/revisions"}],"predecessor-version":[{"id":7630,"href":"https:\/\/www.muniolopa.gob.gt\/index.php\/wp-json\/wp\/v2\/posts\/7619\/revisions\/7630"}],"wp:featuredmedia":[{"embeddable":true,"href":"https:\/\/www.muniolopa.gob.gt\/index.php\/wp-json\/wp\/v2\/media\/7620"}],"wp:attachment":[{"href":"https:\/\/www.muniolopa.gob.gt\/index.php\/wp-json\/wp\/v2\/media?parent=7619"}],"wp:term":[{"taxonomy":"category","embeddable":true,"href":"https:\/\/www.muniolopa.gob.gt\/index.php\/wp-json\/wp\/v2\/categories?post=7619"},{"taxonomy":"post_tag","embeddable":true,"href":"https:\/\/www.muniolopa.gob.gt\/index.php\/wp-json\/wp\/v2\/tags?post=7619"}],"curies":[{"name":"wp","href":"https:\/\/api.w.org\/{rel}","templated":true}]}}