{"id":8059,"date":"2023-08-25T11:45:59","date_gmt":"2023-08-25T11:45:59","guid":{"rendered":"https:\/\/www.muniolopa.gob.gt\/?p=8059"},"modified":"2023-08-25T17:56:53","modified_gmt":"2023-08-25T17:56:53","slug":"septima-sesion-del-consejo-municipal-de-desarrollo-comude-2023","status":"publish","type":"post","link":"https:\/\/www.muniolopa.gob.gt\/index.php\/2023\/08\/25\/septima-sesion-del-consejo-municipal-de-desarrollo-comude-2023\/","title":{"rendered":"S\u00e9ptima Sesi\u00f3n del Consejo Municipal de Desarrollo \u2013COMUDE- 2023"},"content":{"rendered":"<p style=\"text-align: justify;\">En el Sal\u00f3n Municipal del municipio de Olopa, departamento de Chiquimula, el d\u00eda 25 de agosto de 2023, se realiz\u00f3 la S\u00e9ptima Sesi\u00f3n del Consejo Municipal de Desarrollo \u2013COMUDE-, en donde participaron los presidentes de los Comit\u00e9s Comunitarios de Desarrollo \u2013COCODE- de las diferentes comunidades del municipio como tambi\u00e9n del \u00e1rea urbana. As\u00ed mismo se cont\u00f3 con la participaci\u00f3n de representantes acreditados de diferentes instituciones que tienen presencia en el municipio. Durante el desarrollo de la sesi\u00f3n se despleg\u00f3 una agenda que anteriormente fue aprobada por los presentes, en mencionada sesi\u00f3n se brind\u00f3 informaci\u00f3n variada por parte del coordinador del COMUDE y Alcalde Municipal, Br. Jose Jorge L\u00e9mus Espinoza quien al mismo tiempo brind\u00f3 informaci\u00f3n de los avances de los proyectos en ejecuci\u00f3n y de la firma de los \u00faltimos convenios del a\u00f1o fiscal 2023 con el Consejo Departamental de Desarrollo -CODEDE-. Varios representantes de instituciones como de los presidentes de los Consejos Municipales de Desarrollo, hicieron su intervenci\u00f3n donde trataron varios puntos de beneficio para las comunidades.<\/p>\n<div><\/div>\n","protected":false},"excerpt":{"rendered":"<p>En el Sal\u00f3n Municipal del municipio de Olopa, departamento de Chiquimula, el d\u00eda 25 de agosto de 2023, se realiz\u00f3 la S\u00e9ptima Sesi\u00f3n del Consejo Municipal de Desarrollo \u2013COMUDE-, en donde participaron los presidentes de los Comit\u00e9s Comunitarios de Desarrollo \u2013COCODE- de las diferentes comunidades del municipio como tambi\u00e9n del \u00e1rea urbana. As\u00ed mismo se [&hellip;]<\/p>\n","protected":false},"author":1,"featured_media":8060,"comment_status":"closed","ping_status":"open","sticky":false,"template":"","format":"gallery","meta":{"footnotes":""},"categories":[27,89],"tags":[],"class_list":["post-8059","post","type-post","status-publish","format-gallery","has-post-thumbnail","hentry","category-noticias","category-participacion-ciudadana","post_format-post-format-gallery"],"_links":{"self":[{"href":"https:\/\/www.muniolopa.gob.gt\/index.php\/wp-json\/wp\/v2\/posts\/8059","targetHints":{"allow":["GET"]}}],"collection":[{"href":"https:\/\/www.muniolopa.gob.gt\/index.php\/wp-json\/wp\/v2\/posts"}],"about":[{"href":"https:\/\/www.muniolopa.gob.gt\/index.php\/wp-json\/wp\/v2\/types\/post"}],"author":[{"embeddable":true,"href":"https:\/\/www.muniolopa.gob.gt\/index.php\/wp-json\/wp\/v2\/users\/1"}],"replies":[{"embeddable":true,"href":"https:\/\/www.muniolopa.gob.gt\/index.php\/wp-json\/wp\/v2\/comments?post=8059"}],"version-history":[{"count":2,"href":"https:\/\/www.muniolopa.gob.gt\/index.php\/wp-json\/wp\/v2\/posts\/8059\/revisions"}],"predecessor-version":[{"id":8066,"href":"https:\/\/www.muniolopa.gob.gt\/index.php\/wp-json\/wp\/v2\/posts\/8059\/revisions\/8066"}],"wp:featuredmedia":[{"embeddable":true,"href":"https:\/\/www.muniolopa.gob.gt\/index.php\/wp-json\/wp\/v2\/media\/8060"}],"wp:attachment":[{"href":"https:\/\/www.muniolopa.gob.gt\/index.php\/wp-json\/wp\/v2\/media?parent=8059"}],"wp:term":[{"taxonomy":"category","embeddable":true,"href":"https:\/\/www.muniolopa.gob.gt\/index.php\/wp-json\/wp\/v2\/categories?post=8059"},{"taxonomy":"post_tag","embeddable":true,"href":"https:\/\/www.muniolopa.gob.gt\/index.php\/wp-json\/wp\/v2\/tags?post=8059"}],"curies":[{"name":"wp","href":"https:\/\/api.w.org\/{rel}","templated":true}]}}