{"id":9256,"date":"2024-02-07T15:35:08","date_gmt":"2024-02-07T15:35:08","guid":{"rendered":"https:\/\/www.muniolopa.gob.gt\/?p=9256"},"modified":"2024-04-02T22:36:51","modified_gmt":"2024-04-02T22:36:51","slug":"trabajando-en-beneficio-de-nuestro-municipio-y-sus-comunidades","status":"publish","type":"post","link":"https:\/\/www.muniolopa.gob.gt\/index.php\/2024\/02\/07\/trabajando-en-beneficio-de-nuestro-municipio-y-sus-comunidades\/","title":{"rendered":"Trabajando en beneficio de nuestro municipio y sus comunidades"},"content":{"rendered":"<div class=\"\" dir=\"auto\">\n<div id=\":r56b:\" class=\"x1iorvi4 x1pi30zi x1l90r2v x1swvt13\" data-ad-comet-preview=\"message\" data-ad-preview=\"message\">\n<div class=\"x78zum5 xdt5ytf xz62fqu x16ldp7u\">\n<div class=\"xu06os2 x1ok221b\">\n<div class=\"xdj266r x11i5rnm xat24cr x1mh8g0r x1vvkbs x126k92a\">\n<div dir=\"auto\" style=\"text-align: justify;\">Trabajando en beneficio de nuestro municipio y sus comunidades| El se\u00f1or Alcalde Municipal y miembros de su Honorable Concejo, sostuvieron una reuni\u00f3n el d\u00eda de ayer con la monitora de SESAN, la encargada de PROSAN, la coordinadora de la UMSAN y el encargado departamental de SESAN.<\/div>\n<div dir=\"auto\" style=\"text-align: justify;\">Con el prop\u00f3sito de brindar informaci\u00f3n de c\u00f3mo est\u00e1 el \u00edndice de desnutrici\u00f3n en el municipio y sobre la condici\u00f3n de seguridad alimentaria y nutricional.<\/div>\n<div dir=\"auto\"><\/div>\n<\/div>\n<div class=\"x11i5rnm xat24cr x1mh8g0r x1vvkbs xtlvy1s x126k92a\">\n<div dir=\"auto\">Nuestro pueblo, nuestro futuro.<\/div>\n<\/div>\n<\/div>\n<\/div>\n<\/div>\n<\/div>\n<p>&nbsp;<\/p>\n<p>&nbsp;<\/p>\n<div><\/div>\n<p>&nbsp;<\/p>\n<p>&nbsp;<\/p>\n","protected":false},"excerpt":{"rendered":"<p>Trabajando en beneficio de nuestro municipio y sus comunidades| El se\u00f1or Alcalde Municipal y miembros de su Honorable Concejo, sostuvieron una reuni\u00f3n el d\u00eda de ayer con la monitora de SESAN, la encargada de PROSAN, la coordinadora de la UMSAN y el encargado departamental de SESAN. Con el prop\u00f3sito de brindar informaci\u00f3n de c\u00f3mo est\u00e1 [&hellip;]<\/p>\n","protected":false},"author":1,"featured_media":9257,"comment_status":"closed","ping_status":"open","sticky":false,"template":"","format":"gallery","meta":{"footnotes":""},"categories":[89],"tags":[78],"class_list":["post-9256","post","type-post","status-publish","format-gallery","has-post-thumbnail","hentry","category-participacion-ciudadana","tag-portada","post_format-post-format-gallery"],"_links":{"self":[{"href":"https:\/\/www.muniolopa.gob.gt\/index.php\/wp-json\/wp\/v2\/posts\/9256","targetHints":{"allow":["GET"]}}],"collection":[{"href":"https:\/\/www.muniolopa.gob.gt\/index.php\/wp-json\/wp\/v2\/posts"}],"about":[{"href":"https:\/\/www.muniolopa.gob.gt\/index.php\/wp-json\/wp\/v2\/types\/post"}],"author":[{"embeddable":true,"href":"https:\/\/www.muniolopa.gob.gt\/index.php\/wp-json\/wp\/v2\/users\/1"}],"replies":[{"embeddable":true,"href":"https:\/\/www.muniolopa.gob.gt\/index.php\/wp-json\/wp\/v2\/comments?post=9256"}],"version-history":[{"count":1,"href":"https:\/\/www.muniolopa.gob.gt\/index.php\/wp-json\/wp\/v2\/posts\/9256\/revisions"}],"predecessor-version":[{"id":9258,"href":"https:\/\/www.muniolopa.gob.gt\/index.php\/wp-json\/wp\/v2\/posts\/9256\/revisions\/9258"}],"wp:featuredmedia":[{"embeddable":true,"href":"https:\/\/www.muniolopa.gob.gt\/index.php\/wp-json\/wp\/v2\/media\/9257"}],"wp:attachment":[{"href":"https:\/\/www.muniolopa.gob.gt\/index.php\/wp-json\/wp\/v2\/media?parent=9256"}],"wp:term":[{"taxonomy":"category","embeddable":true,"href":"https:\/\/www.muniolopa.gob.gt\/index.php\/wp-json\/wp\/v2\/categories?post=9256"},{"taxonomy":"post_tag","embeddable":true,"href":"https:\/\/www.muniolopa.gob.gt\/index.php\/wp-json\/wp\/v2\/tags?post=9256"}],"curies":[{"name":"wp","href":"https:\/\/api.w.org\/{rel}","templated":true}]}}