{"id":9342,"date":"2024-03-03T16:50:48","date_gmt":"2024-03-03T16:50:48","guid":{"rendered":"https:\/\/www.muniolopa.gob.gt\/?p=9342"},"modified":"2024-04-03T16:22:26","modified_gmt":"2024-04-03T16:22:26","slug":"coronacion-de-todas-las-soberanas-de-la-belleza-de-nuestra-feria-patronal","status":"publish","type":"post","link":"https:\/\/www.muniolopa.gob.gt\/index.php\/2024\/03\/03\/coronacion-de-todas-las-soberanas-de-la-belleza-de-nuestra-feria-patronal\/","title":{"rendered":"Coronaci\u00f3n de todas las soberanas de la belleza de nuestra Feria Patronal"},"content":{"rendered":"<div class=\"xdj266r x11i5rnm xat24cr x1mh8g0r x1vvkbs x126k92a\">\n<div dir=\"auto\" style=\"text-align: justify;\">\u00a1Espectacular!, fue la noche de coronaci\u00f3n de todas las soberanas de la belleza de nuestra Feria Patronal, en honor a la Madre del Buen Pastor.<\/div>\n<div dir=\"auto\" style=\"text-align: justify;\">&#8211; Coronaci\u00f3n de la ni\u00f1a y se\u00f1orita representante del Gremio Ganadero.<\/div>\n<div dir=\"auto\" style=\"text-align: justify;\">&#8211; Coronaci\u00f3n de la se\u00f1orita representante del Comit\u00e9 de Caficultores.<\/div>\n<div dir=\"auto\" style=\"text-align: justify;\">&#8211; Coronaci\u00f3n de la ni\u00f1a y se\u00f1orita Deportes Olopa 2024<\/div>\n<div dir=\"auto\" style=\"text-align: justify;\">&#8211; Coronaci\u00f3n de la se\u00f1orita Flor del Campo 2024<\/div>\n<div dir=\"auto\" style=\"text-align: justify;\">&#8211; Coronaci\u00f3n de la se\u00f1orita Flor de la Feria 2024<\/div>\n<div dir=\"auto\" style=\"text-align: justify;\">&#8211; Coronaci\u00f3n de la Flor Infantil de la Feria 2024<\/div>\n<\/div>\n<div class=\"x11i5rnm xat24cr x1mh8g0r x1vvkbs xtlvy1s x126k92a\">\n<div dir=\"auto\" style=\"text-align: justify;\">Teniendo presencia del Se\u00f1or Alcalde Municipal y su se\u00f1ora esposa, instituciones y entidades invitadas, miembros del Concejo Municipal, Se\u00f1orita Olopa 2023 y Ni\u00f1a Olopa 2023.<\/div>\n<div dir=\"auto\" style=\"text-align: justify;\">Finalizando con espectacular baile, del cual se dio inicio con un vals con todas las representantes de la belleza olopense.<\/div>\n<div dir=\"auto\"><\/div>\n<\/div>\n<div class=\"x11i5rnm xat24cr x1mh8g0r x1vvkbs xtlvy1s x126k92a\">\n<div dir=\"auto\">Nuestro pueblo, nuestro futuro.<\/div>\n<\/div>\n<p>&nbsp;<\/p>\n<p>&nbsp;<\/p>\n<div><\/div>\n<p>&nbsp;<\/p>\n<p>&nbsp;<\/p>\n<p><a href=\"https:\/\/www.facebook.com\/photo\/?fbid=409988644907327&amp;set=pcb.409995811573277\"><img decoding=\"async\" class=\"alignnone wp-image-9323 size-full\" title=\"Ver galer\u00eda en Facebook\" src=\"https:\/\/www.muniolopa.gob.gt\/wp-content\/uploads\/2024\/03\/galeria.jpg\" alt=\"\" width=\"215\" height=\"71\" \/><\/a><\/p>\n","protected":false},"excerpt":{"rendered":"<p>\u00a1Espectacular!, fue la noche de coronaci\u00f3n de todas las soberanas de la belleza de nuestra Feria Patronal, en honor a la Madre del Buen Pastor. &#8211; Coronaci\u00f3n de la ni\u00f1a y se\u00f1orita representante del Gremio Ganadero. &#8211; Coronaci\u00f3n de la se\u00f1orita representante del Comit\u00e9 de Caficultores. &#8211; Coronaci\u00f3n de la ni\u00f1a y se\u00f1orita Deportes Olopa [&hellip;]<\/p>\n","protected":false},"author":1,"featured_media":9331,"comment_status":"closed","ping_status":"open","sticky":false,"template":"","format":"gallery","meta":{"footnotes":""},"categories":[83],"tags":[78],"class_list":["post-9342","post","type-post","status-publish","format-gallery","has-post-thumbnail","hentry","category-desarrollo-social","tag-portada","post_format-post-format-gallery"],"_links":{"self":[{"href":"https:\/\/www.muniolopa.gob.gt\/index.php\/wp-json\/wp\/v2\/posts\/9342","targetHints":{"allow":["GET"]}}],"collection":[{"href":"https:\/\/www.muniolopa.gob.gt\/index.php\/wp-json\/wp\/v2\/posts"}],"about":[{"href":"https:\/\/www.muniolopa.gob.gt\/index.php\/wp-json\/wp\/v2\/types\/post"}],"author":[{"embeddable":true,"href":"https:\/\/www.muniolopa.gob.gt\/index.php\/wp-json\/wp\/v2\/users\/1"}],"replies":[{"embeddable":true,"href":"https:\/\/www.muniolopa.gob.gt\/index.php\/wp-json\/wp\/v2\/comments?post=9342"}],"version-history":[{"count":1,"href":"https:\/\/www.muniolopa.gob.gt\/index.php\/wp-json\/wp\/v2\/posts\/9342\/revisions"}],"predecessor-version":[{"id":9343,"href":"https:\/\/www.muniolopa.gob.gt\/index.php\/wp-json\/wp\/v2\/posts\/9342\/revisions\/9343"}],"wp:featuredmedia":[{"embeddable":true,"href":"https:\/\/www.muniolopa.gob.gt\/index.php\/wp-json\/wp\/v2\/media\/9331"}],"wp:attachment":[{"href":"https:\/\/www.muniolopa.gob.gt\/index.php\/wp-json\/wp\/v2\/media?parent=9342"}],"wp:term":[{"taxonomy":"category","embeddable":true,"href":"https:\/\/www.muniolopa.gob.gt\/index.php\/wp-json\/wp\/v2\/categories?post=9342"},{"taxonomy":"post_tag","embeddable":true,"href":"https:\/\/www.muniolopa.gob.gt\/index.php\/wp-json\/wp\/v2\/tags?post=9342"}],"curies":[{"name":"wp","href":"https:\/\/api.w.org\/{rel}","templated":true}]}}